{"id":1366,"date":"2025-04-29T14:58:39","date_gmt":"2025-04-29T06:58:39","guid":{"rendered":"http:\/\/sinewo.gg12.globaldeepsea.site\/labor-day-symbol-of-labor-movement\/"},"modified":"2025-04-29T14:58:39","modified_gmt":"2025-04-29T06:58:39","slug":"labor-day-symbol-of-labor-movement","status":"publish","type":"post","link":"https:\/\/www.sinewo.com\/de\/labor-day-symbol-of-labor-movement\/","title":{"rendered":"Wie der Arbeitstag zum Symbol der Arbeiterbewegung wurde"},"content":{"rendered":"<p class=\"p\" style=\"mso-pagination: widow-orphan;\"><span style=\"mso-spacerun: 'yes'; font-family: Arial; mso-fareast-font-family: \u5b8b\u4f53; font-size: 10.5000pt; mso-font-kerning: 0.0000pt;\">Der Tag der Arbeit erscheint als Hommage an die Widerstandsf\u00e4higkeit und Einheit der Arbeiter. Am 5. September 1882 marschierten etwa 10.000 Arbeiter durch New York City und markierten den ersten Tag der Arbeit. Dieser Feiertag, der 1894 offiziell anerkannt wurde, wuchs aus historischen K\u00e4mpfen wie dem Streik von Haymarket Riot und Pullman, der den Kampf um faire Arbeitsbedingungen symbolisierte.<\/span><\/p>\n<p><\/p>\n<p class=\"p\" style=\"mso-pagination: widow-orphan;\"><span style=\"mso-spacerun: 'yes'; font-family: Arial; mso-fareast-font-family: \u5b8b\u4f53; font-size: 10.5000pt; mso-font-kerning: 0.0000pt;\"><img decoding=\"async\" src=\"https:\/\/www.deepvaluer.com\/upload\/3595001a-b4bd-481a-aa7a-ca05e39c74bb_1.png\" alt=\"\"><\/span><\/p>\n<p><\/p>\n<h2 style=\"mso-pagination: widow-orphan;\"><strong><span style=\"mso-spacerun: 'yes'; font-family: Arial; mso-fareast-font-family: \u5b8b\u4f53; font-weight: bold; font-size: 18.0000pt; mso-font-kerning: 0.0000pt;\">Die Urspr\u00fcnge des Arbeitstages<\/span><\/strong><\/h2>\n<p><\/p>\n<p class=\"MsoNormal\"><strong><span style=\"mso-spacerun: 'yes'; font-family: Arial; mso-fareast-font-family: \u5b8b\u4f53; font-weight: bold; font-size: 10.5000pt; mso-font-kerning: 1.0000pt;\">Die industrielle Revolution und die K\u00e4mpfe der Arbeiter<\/span><\/strong><\/p>\n<p><\/p>\n<p class=\"MsoNormal\"><span style=\"mso-spacerun: 'yes'; font-family: Arial; mso-fareast-font-family: \u5b8b\u4f53; font-size: 10.5000pt; mso-font-kerning: 1.0000pt;\">Die industrielle Revolution ver\u00e4nderte die amerikanische Belegschaft. Fabriken ersetzten kleine Workshops, und die Arbeiter waren mit anstrengenden Bedingungen konfrontiert. Lange Stunden, niedrige L\u00f6hne und unsichere Umgebungen wurden zur Norm. Frauen und Kinder arbeiteten oft in Fabriken und verdienten deutlich weniger als M\u00e4nner.<\/span><\/p>\n<p><\/p>\n<p class=\"p\" style=\"margin-right: 36.0000pt; margin-left: 36.0000pt; mso-pagination: widow-orphan;\"><span style=\"mso-spacerun: 'yes'; font-family: Arial; mso-fareast-font-family: \u5b8b\u4f53; font-size: 12.0000pt; mso-font-kerning: 0.0000pt;\">Von 1870 bis 1900 verdreifachte sich die Zahl der Frauen, die au\u00dferhalb des Hauses arbeiteten. Am Ende dieser Zeit waren f\u00fcnf Millionen Frauen Lohnempf\u00e4nger, wobei ein Viertel in Fabriken arbeitete. Kinder wurden auch f\u00fcr einen Bruchteil der Bezahlung eines Erwachsenen besch\u00e4ftigt.<\/span><\/p>\n<p><\/p>\n<p class=\"p\" style=\"mso-pagination: widow-orphan;\"><span style=\"mso-spacerun: 'yes'; font-family: Arial; mso-fareast-font-family: \u5b8b\u4f53; font-size: 10.5000pt; mso-font-kerning: 0.0000pt;\">Diese Schwierigkeiten bef\u00f6rderten die Arbeiterbewegung. Die Arbeiter begannen sich zu organisieren, um bessere Bedingungen und faire Behandlung zu fordern. Labour -F\u00fchrer kritisierten die wachsende Verm\u00f6gensl\u00fccke und argumentierten, dass der Wohlstand h\u00e4ufig zu Lasten der Arbeiterklasse gef\u00fchrt wurde. Wie eine Labour -Zeitung es 1867 ausdr\u00fcckte: Diese wachsende Unzufriedenheit legte den Grundstein f\u00fcr den Arbeitstag, ein Urlaub, der die Beitr\u00e4ge und K\u00e4mpfe der Arbeitnehmer einhalten w\u00fcrde.<\/span><\/p>\n<p><\/p>\n<p class=\"MsoNormal\"><strong><span style=\"mso-spacerun: 'yes'; font-family: Arial; mso-fareast-font-family: \u5b8b\u4f53; font-weight: bold; font-size: 10.5000pt; mso-font-kerning: 1.0000pt;\">Die Rolle von Arbeitskr\u00e4ften bei der Gestaltung des Urlaubs<\/span><\/strong><\/p>\n<p><\/p>\n<p class=\"MsoNormal\"><span style=\"mso-spacerun: 'yes'; font-family: Arial; mso-fareast-font-family: \u5b8b\u4f53; font-size: 10.5000pt; mso-font-kerning: 1.0000pt;\">Labour -Streiks spielten eine entscheidende Rolle bei der Schaffung des Arbeitstages. Arbeiter im ganzen Land organisierten Streiks, um gegen unfaire Behandlung zu protestieren und Ver\u00e4nderungen zu fordern. Einige dieser Streiks wurden zu bestimmten Momenten in der Arbeitsgeschichte.<\/span><\/p>\n<p><\/p>\n<h2 style=\"mso-pagination: widow-orphan; text-align: left;\"><strong><span style=\"mso-spacerun: 'yes'; font-family: Arial; mso-fareast-font-family: \u5b8b\u4f53; font-weight: bold; font-size: 18.0000pt; mso-font-kerning: 0.0000pt;\">Die erste Labor Day Feier<\/span><\/strong><\/h2>\n<p><\/p>\n<p class=\"MsoNormal\"><strong><span style=\"mso-spacerun: 'yes'; font-family: Arial; mso-fareast-font-family: \u5b8b\u4f53; font-weight: bold; font-size: 10.5000pt; mso-font-kerning: 1.0000pt;\">Die historische Parade vom 5. September 1882<\/span><\/strong><\/p>\n<p><\/p>\n<p class=\"MsoNormal\"><span style=\"mso-spacerun: 'yes'; font-family: Arial; mso-fareast-font-family: \u5b8b\u4f53; font-size: 10.5000pt; mso-font-kerning: 1.0000pt;\">Die erste Labor Day Parade am 5. September 1882 war eine bahnbrechende Veranstaltung f\u00fcr Arbeiter in den USA. Die Parade wurde von der Central Habor Union in New York City von Anfang an vor Herausforderungen gestellt. William G. McCabe, der Gro\u00dfmarschall, bem\u00fchte sich zun\u00e4chst, Teilnehmer zu sammeln. Er arbeitete unerm\u00fcdlich daran, Unterst\u00fctzung von lokalen Gewerkschaften zu versammeln und sicherzustellen, dass die Veranstaltung erfolgreich sein w\u00fcrde.<\/span><\/p>\n<p><\/p>\n<p class=\"p\" style=\"mso-pagination: widow-orphan;\"><span style=\"mso-spacerun: 'yes'; font-family: Arial; mso-fareast-font-family: \u5b8b\u4f53; font-size: 10.5000pt; mso-font-kerning: 1.0000pt;\">D<\/span><span style=\"mso-spacerun: 'yes'; font-family: Arial; mso-fareast-font-family: \u5b8b\u4f53; font-size: 10.5000pt; mso-font-kerning: 1.0000pt;\">In diesen fr\u00fchen H\u00fcrden wurde die Parade zu einer starken Darstellung der Einheit. Mitglieder verschiedener Arbeitsorganisationen marschierten zusammen und trugen Banner und Zeichen, die eine faire Behandlung und bessere Arbeitsbedingungen erfordern. Eine Illustration in Frank Leslies w\u00f6chentlich illustrierter Zeitung vom 16. September 1882 eroberte den Moment. Es beschrieb das Ereignis als \u201egro\u00dfe Demonstration der Arbeiter\u201c, und zeigt, dass der \u00dcberpr\u00fcfungsstand des Prozessions -Passing -Square den \u00dcberpr\u00fcfungsplatz zeigt. Die Parade umfasste auch verschiedene Teilnehmer wie M\u00e4nner und Frauen zu Pferd, wie in der Sonne am 6. September 1882 erw\u00e4hnt. Dieser historische Marsch stellte die Voraussetzungen f\u00fcr den Arbeitstag als Feier der Solidarit\u00e4t der Arbeiter.<\/span><\/p>\n<p><\/p>\n<p class=\"MsoNormal\"><strong><span style=\"mso-spacerun: 'yes'; font-family: Arial; mso-fareast-font-family: \u5b8b\u4f53; font-weight: bold; font-size: 10.5000pt; mso-font-kerning: 1.0000pt;\">Schl\u00fcsselorganisatoren und ihre Vision f\u00fcr den Arbeitstag<\/span><\/strong><\/p>\n<p><\/p>\n<p class=\"MsoNormal\"><span style=\"mso-spacerun: 'yes'; font-family: Arial; mso-fareast-font-family: \u5b8b\u4f53; font-size: 10.5000pt; mso-font-kerning: 1.0000pt;\">Die zentrale Gewerkschaft spielte eine entscheidende Rolle bei der Organisation des ersten Arbeitstages. Diese Koalition der Gewerkschaften zielte darauf ab, einen Urlaub zu schaffen, in dem die Beitr\u00e4ge der Arbeitnehmer geehrt wurden und gleichzeitig ihre Rechte einsetzten. Die F\u00fchrungskr\u00e4fte stellten sich einen Tag vor, an dem die Arbeitnehmer in Branchen vereint und ihre gemeinsamen K\u00e4mpfe hervorgehoben werden w\u00fcrden.<\/span><\/p>\n<p><\/p>\n<p class=\"MsoNormal\"><span style=\"mso-spacerun: 'yes'; font-family: Arial; mso-fareast-font-family: \u5b8b\u4f53; font-size: 10.5000pt; mso-font-kerning: 1.0000pt;\">Der Erfolg der Veranstaltung beruhte auf sorgf\u00e4ltige Planung und Zusammenarbeit. Legislative Aufzeichnungen wie das Verfahren des Board of Aldermen und das gedruckte Verfahren des Gemeinsamen Rates bieten Einblicke in die Bem\u00fchungen hinter der Feier. Diese Dokumente zeigen Petitionen, Briefe und Berichte von Einwohnern und Agenturen der Stadt, die die weit verbreitete Unterst\u00fctzung f\u00fcr die Idee zeigen. Die Vision der Organisatoren erstreckte sich \u00fcber eine einzige Parade hinaus. Sie hofften, eine dauerhafte Tradition zu etablieren, die zuk\u00fcnftige Generationen dazu inspirieren w\u00fcrde, den Wert der Arbeit zu erkennen.<\/span><\/p>\n<p><\/p>\n<p class=\"MsoNormal\"><span style=\"mso-spacerun: 'yes'; font-family: Arial; mso-fareast-font-family: \u5b8b\u4f53; font-size: 10.5000pt; mso-font-kerning: 1.0000pt;\">&nbsp;<\/span><\/p>\n<p><\/p>\n<p class=\"MsoNormal\"><strong><span style=\"mso-spacerun: 'yes'; font-family: Arial; mso-fareast-font-family: \u5b8b\u4f53; font-weight: bold; font-size: 10.5000pt; mso-font-kerning: 1.0000pt;\">Die fr\u00fche Bedeutung des Arbeitstages f\u00fcr Arbeitnehmer<\/span><\/strong><\/p>\n<p><\/p>\n<p class=\"MsoNormal\"><span style=\"mso-spacerun: 'yes'; font-family: Arial; mso-fareast-font-family: \u5b8b\u4f53; font-size: 10.5000pt; mso-font-kerning: 1.0000pt;\">F\u00fcr Arbeiter hatte der erste Arbeitstag eine tiefe Bedeutung. Es war mehr als nur eine Parade; Es war eine Erkl\u00e4rung der Einheit und St\u00e4rke. Die von der zentrale Gewerkschaft organisierte Veranstaltung wurde als erste \u201eArbeit<\/span><span style=\"mso-spacerun: 'yes'; font-family: Arial; mso-fareast-font-family: \u5b8b\u4f53; font-size: 10.5000pt; mso-font-kerning: 1.0000pt;\">&nbsp;<\/span><span style=\"mso-spacerun: 'yes'; font-family: Arial; mso-fareast-font-family: \u5b8b\u4f53; font-size: 10.5000pt; mso-font-kerning: 1.0000pt;\">Herrenurlaub. \"<\/span><\/p>\n<p><\/p>\n<p class=\"p\" style=\"mso-pagination: widow-orphan;\"><span style=\"mso-spacerun: 'yes'; font-family: Arial; mso-fareast-font-family: \u5b8b\u4f53; font-size: 12.0000pt; mso-font-kerning: 0.0000pt;\">Der Tag symbolisierte die wachsende Kraft der Arbeiterbewegung. Die Arbeiter nutzten es, um ihre Leistungen zu feiern und auf bessere Bedingungen zu dr\u00e4ngen. Im Laufe der Zeit verbreiteten sich die Feierlichkeiten zum Arbeitstag in den Bundesstaaten und spiegelten die zunehmende Anerkennung der Beitr\u00e4ge der Arbeitnehmer zum Wirtschaftswachstum Amerikas wider. Fr\u00fche Paraden wie die in New York City, zeigten Solidarit\u00e4t und gaben den Arbeitern eine Plattform, um ihre Anforderungen zu \u00e4u\u00dfern.<\/span><\/p>\n<p><\/p>\n<p class=\"p\" style=\"mso-pagination: widow-orphan;\"><span style=\"mso-spacerun: 'yes'; font-family: Arial; mso-fareast-font-family: \u5b8b\u4f53; font-size: 12.0000pt; mso-font-kerning: 0.0000pt;\">Der Tag der Arbeit wurde schnell zu einem Symbol f\u00fcr Stolz und Ausdauer f\u00fcr Arbeiter und erinnerte sie an ihre kollektive St\u00e4rke und den Fortschritt, den sie gemeinsam erzielen konnten.<\/span><\/p>\n<p><\/p>\n<h2 style=\"mso-pagination: widow-orphan;\"><strong><span style=\"mso-spacerun: 'yes'; font-family: Arial; mso-fareast-font-family: \u5b8b\u4f53; font-weight: bold; font-size: 18.0000pt; mso-font-kerning: 0.0000pt;\">Nationale Anerkennung des Arbeitstages<\/span><\/strong><\/h2>\n<p><\/p>\n<p class=\"MsoNormal\"><strong><span style=\"mso-spacerun: 'yes'; font-family: Arial; mso-fareast-font-family: \u5b8b\u4f53; font-weight: bold; font-size: 10.5000pt; mso-font-kerning: 1.0000pt;\">Der Pullman Streik und seine Auswirkungen<\/span><\/strong><\/p>\n<p><\/p>\n<p class=\"MsoNormal\"><span style=\"mso-spacerun: 'yes'; font-family: Arial; mso-fareast-font-family: \u5b8b\u4f53; font-size: 10.5000pt; mso-font-kerning: 1.0000pt;\">Der Pullman -Streik von 1894 war ein Wendepunkt in der Arbeiterbewegung. Es begann, als die Arbeiter der Pullman Company gegen Lohnk\u00fcrzungen und hohe Mieten in der Stadt in der Gesellschaft protestierten. Unter der Leitung von Eugene V. Debs breitete sich der Streik schnell aus und umfasste \u00fcber 250.000 Arbeitnehmer in 27 Bundesstaaten. Die Unruhen st\u00f6rten den Schienenverkehr und die Postlieferung und erregten nationale Aufmerksamkeit.<\/span><\/p>\n<p><\/p>\n<p class=\"MsoNormal\"><span style=\"mso-spacerun: 'yes'; font-family: Arial; mso-fareast-font-family: \u5b8b\u4f53; font-size: 10.5000pt; mso-font-kerning: 1.0000pt;\">Die Bundesregierung intervenierte und schickte Truppen, um den Streik zu brechen. Diese Entscheidung f\u00fchrte zu gewaltsamen Zusammenst\u00f6\u00dfen, was zu Dutzenden von Todesf\u00e4llen und Verletzungen f\u00fchrte. Die Folgen des Streiks zeigten die tiefe Kluft zwischen Arbeitern und Arbeitgebern. Au\u00dferdem wurde der dringende Bedarf an der Regierung hervorgehoben, Arbeitsprobleme zu l\u00f6sen.<\/span><\/p>\n<p><\/p>\n<p class=\"MsoNormal\"><span style=\"mso-spacerun: 'yes'; font-family: Arial; mso-fareast-font-family: \u5b8b\u4f53; font-size: 10.5000pt; mso-font-kerning: 1.0000pt;\">Nur sechs Tage nach dem Ende des Streiks verabschiedete der Kongress die Gesetzgebung, um den Arbeitstag als Bundesurlaub zu errichten. Pr\u00e4sident Grover Cleveland unterzeichnete die Gesetzesvorlage am 28. Juni 1894. Diese schnelle Aktion zielte darauf ab, Spannungen mit organisierten Arbeitskr\u00e4ften zu lindern und die Beitr\u00e4ge der Arbeitnehmer zur Nation anzuerkennen. Das Verm\u00e4chtnis des Pullman Strike bleibt eine Erinnerung an die Opfer, die Arbeiter zur Sicherung ihrer Rechte vorgenommen haben.<\/span><\/p>\n<p><\/p>\n<p class=\"MsoNormal\"><span style=\"mso-spacerun: 'yes'; font-family: Arial; mso-fareast-font-family: \u5b8b\u4f53; font-size: 10.5000pt; mso-font-kerning: 1.0000pt;\">&nbsp;<\/span><\/p>\n<p><\/p>\n<p class=\"MsoNormal\"><strong><span style=\"mso-spacerun: 'yes'; font-family: Arial; mso-fareast-font-family: \u5b8b\u4f53; font-weight: bold; font-size: 10.5000pt; mso-font-kerning: 1.0000pt;\">Arbeitstag als Symbol f\u00fcr die Solidarit\u00e4t der Arbeiter<\/span><\/strong><\/p>\n<p><\/p>\n<p class=\"MsoNormal\"><span style=\"mso-spacerun: 'yes'; font-family: Arial; mso-fareast-font-family: \u5b8b\u4f53; font-size: 10.5000pt; mso-font-kerning: 1.0000pt;\">Der Tag der Arbeit wurde schnell mehr als nur ein Urlaub. Es entwickelte sich zu einem m\u00e4chtigen Symbol f\u00fcr die Solidarit\u00e4t der Arbeiter und die Leistungen der Arbeiterbewegung. In den fr\u00fchen Feierlichkeiten zeigten Paraden, Reden und Versammlungen, die die Einheit unter den Arbeitern betonten.<\/span><\/p>\n<p><\/p>\n<p class=\"MsoNormal\"><span style=\"mso-spacerun: 'yes'; font-family: Arial; mso-fareast-font-family: \u5b8b\u4f53; font-size: 10.5000pt; mso-font-kerning: 1.0000pt;\">Ein Cartoon von 1899 von Clifford Berryman eroberte dieses Gef\u00fchl. Es zeigte Onkel Sam Bowing vor \u201eArbeit\u201c und symbolisierte den Respekt f\u00fcr die Beitr\u00e4ge der Arbeitnehmer zum Wohlstand der Nation. Samuel Gompers, Pr\u00e4sident der American Federation of Labour, setzte sich ebenfalls als Tag der Solidarit\u00e4t ein. In seiner Korrespondenz wurde oft die Bedeutung der Einheit f\u00fcr die Erreichung der Arbeitsrechte hervorgehoben.<\/span><\/p>\n<p><\/p>\n<p class=\"MsoNormal\"><span style=\"mso-spacerun: 'yes'; font-family: Arial; mso-fareast-font-family: \u5b8b\u4f53; font-size: 10.5000pt; mso-font-kerning: 1.0000pt;\">&nbsp;<\/span><\/p>\n<p><\/p>\n<p class=\"MsoNormal\"><span style=\"mso-spacerun: 'yes'; font-family: \u5b8b\u4f53; mso-ascii-font-family: Arial; mso-hansi-font-family: Arial; mso-bidi-font-family: Arial; font-size: 10.5000pt; mso-font-kerning: 1.0000pt;\"><span style=\"font-family: Arial;\">&#8211;<\/span><\/span><span style=\"mso-spacerun: 'yes'; font-family: Arial; mso-fareast-font-family: \u5b8b\u4f53; font-size: 10.5000pt; mso-font-kerning: 1.0000pt;\">Feierlichkeiten zum Arbeitstag brachten Arbeiter aus verschiedenen Branchen zusammen.<\/span><\/p>\n<p><\/p>\n<p class=\"MsoNormal\"><span style=\"mso-spacerun: 'yes'; font-family: \u5b8b\u4f53; mso-ascii-font-family: Arial; mso-hansi-font-family: Arial; mso-bidi-font-family: Arial; font-size: 10.5000pt; mso-font-kerning: 1.0000pt;\"><span style=\"font-family: Arial;\">&#8211;<\/span><\/span><span style=\"mso-spacerun: 'yes'; font-family: Arial; mso-fareast-font-family: \u5b8b\u4f53; font-size: 10.5000pt; mso-font-kerning: 1.0000pt;\">Der Urlaub erinnerte an die Fortschritte, die durch kollektive Aktionen erzielt wurden.<\/span><\/p>\n<p><\/p>\n<p class=\"MsoNormal\"><span style=\"mso-spacerun: 'yes'; font-family: \u5b8b\u4f53; mso-ascii-font-family: Arial; mso-hansi-font-family: Arial; mso-bidi-font-family: Arial; font-size: 10.5000pt; mso-font-kerning: 1.0000pt;\"><span style=\"font-family: Arial;\">&#8211;<\/span><\/span><span style=\"mso-spacerun: 'yes'; font-family: Arial; mso-fareast-font-family: \u5b8b\u4f53; font-size: 10.5000pt; mso-font-kerning: 1.0000pt;\">Es verst\u00e4rkte die Idee, dass die Rechte der Arbeitnehmer f\u00fcr den Erfolg der Nation wesentlich waren.<\/span><\/p>\n<p><\/p>\n<p class=\"MsoNormal\"><span style=\"mso-spacerun: 'yes'; font-family: Arial; mso-fareast-font-family: \u5b8b\u4f53; font-size: 10.5000pt; mso-font-kerning: 1.0000pt;\">&nbsp;<\/span><\/p>\n<p><\/p>\n<p class=\"MsoNormal\"><span style=\"mso-spacerun: 'yes'; font-family: Arial; mso-fareast-font-family: \u5b8b\u4f53; font-size: 10.5000pt; mso-font-kerning: 1.0000pt;\">Heute sch\u00e4tzt der Arbeitstag weiterhin die Opfer und Erfolge von Arbeitnehmern. Es ist ein Beweis f\u00fcr die Kraft der Solidarit\u00e4t und die anhaltende Bedeutung der Arbeiterbewegung.<\/span><\/p>\n<p><\/p>\n<h2 style=\"mso-pagination: widow-orphan;\"><strong><span style=\"mso-spacerun: 'yes'; font-family: Arial; mso-fareast-font-family: \u5b8b\u4f53; font-weight: bold; font-size: 18.0000pt; mso-font-kerning: 0.0000pt;\">Die Entwicklung des Arbeitstages<\/span><\/strong><\/h2>\n<p><\/p>\n<p class=\"MsoNormal\"><strong><span style=\"mso-spacerun: 'yes'; font-family: Arial; mso-fareast-font-family: \u5b8b\u4f53; font-weight: bold; font-size: 10.5000pt; mso-font-kerning: 1.0000pt;\">Traditionelle Paraden und fr\u00fche Beobachtungen<\/span><\/strong><\/p>\n<p><\/p>\n<p class=\"MsoNormal\"><span style=\"mso-spacerun: 'yes'; font-family: Arial; mso-fareast-font-family: \u5b8b\u4f53; font-size: 10.5000pt; mso-font-kerning: 1.0000pt;\">Der Tag der Arbeit begann als Tag der Paraden und \u00f6ffentlichen Versammlungen, um die Beitr\u00e4ge der Arbeitnehmer zu ehren. Im sp\u00e4ten 19. Jahrhundert organisierten Gewerkschaften Paraden, um ihre Solidarit\u00e4t zu pr\u00e4sentieren. Die Ritter der Labour District Assembly 44 spielten eine Schl\u00fcsselrolle bei fr\u00fchen Feierlichkeiten und organisierten bereits 1882 bedeutende Paraden. Bis 1884 wurden die j\u00e4hrlichen Paraden Day Day zu einer Tradition, oft gefolgt von Picknicks und Gemeinschaftsausfl\u00fcgen. Zum Beispiel veranstaltete der Central Trades &amp; Labour Council Veranstaltungen im Ontario Beach Park mit Spielen, Wettbewerben und Feuerwerksk\u00f6rpern. Diese Versammlungen brachten Arbeiter und ihre Familien zusammen und schafften ein Gef\u00fchl von Einheit und Stolz.<\/span><\/p>\n<p><\/p>\n<p class=\"MsoNormal\"><span style=\"mso-spacerun: 'yes'; font-family: Arial; mso-fareast-font-family: \u5b8b\u4f53; font-size: 10.5000pt; mso-font-kerning: 1.0000pt;\">1913 zog eine Parade Day Day in Rochester, New York, 15.000 Teilnehmer an, wobei weitere 30.000 an den Feierlichkeiten teilnahmen. Samuel Gompers, ein prominenter Labour -F\u00fchrer, betonte die Bedeutung dieser Paraden in einem Brief von 1914 und nannte sie eine starke Darstellung der St\u00e4rke und Erfolge der Arbeiter.<\/span><\/p>\n<p><\/p>\n<p class=\"MsoNormal\"><span style=\"mso-spacerun: 'yes'; font-family: Arial; mso-fareast-font-family: \u5b8b\u4f53; font-size: 10.5000pt; mso-font-kerning: 1.0000pt;\">&nbsp;<\/span><\/p>\n<p><\/p>\n<p class=\"MsoNormal\"><strong><span style=\"mso-spacerun: 'yes'; font-family: Arial; mso-fareast-font-family: \u5b8b\u4f53; font-weight: bold; font-size: 10.5000pt; mso-font-kerning: 1.0000pt;\">Moderne Feierlichkeiten und sich ver\u00e4ndernde Perspektiven<\/span><\/strong><\/p>\n<p><\/p>\n<p class=\"MsoNormal\"><span style=\"mso-spacerun: 'yes'; font-family: Arial; mso-fareast-font-family: \u5b8b\u4f53; font-size: 10.5000pt; mso-font-kerning: 1.0000pt;\">Im Laufe der Zeit haben sich die Feierlichkeiten zum Arbeitstag ver\u00e4ndert. W\u00e4hrend in einigen St\u00e4dten immer noch Paraden auftreten, konzentriert sich der Feiertag jetzt mehr auf Freizeit und Konsumismus. Viele Menschen sehen es als das inoffizielle Ende des Sommers an, gekennzeichnet durch Grills, Einkaufsm\u00f6glichkeiten und Familienversammlungen. Diese Ver\u00e4nderung spiegelt breitere gesellschaftliche Trends wider. Eine Pew-Forschungsstudie von 2023 ergab, dass 35% der US-Arbeitnehmer jetzt aus der Ferne arbeiten, wobei 71% berichtet wurde, dass die Arbeitslebensbilanz verbessert wurde. 61% von Arbeitnehmern fehlt jedoch diese Flexibilit\u00e4t und hebt eine Kluft in modernen Arbeiterfahrungen hervor.<\/span><\/p>\n<p><\/p>\n<p class=\"MsoNormal\"><span style=\"mso-spacerun: 'yes'; font-family: Arial; mso-fareast-font-family: \u5b8b\u4f53; font-size: 10.5000pt; mso-font-kerning: 1.0000pt;\">Die Evolution des Arbeitstages spiegelt diese Ver\u00e4nderungen wider. Es ist von einem Tag des Aktivismus zu einer Entspannung gewechselt und dient dennoch als Erinnerung an die Erfolge der Arbeiterbewegung.<\/span><\/p>\n<p><\/p>\n<p class=\"MsoNormal\"><span style=\"mso-spacerun: 'yes'; font-family: Arial; mso-fareast-font-family: \u5b8b\u4f53; font-size: 10.5000pt; mso-font-kerning: 1.0000pt;\">&nbsp;<\/span><\/p>\n<p><\/p>\n<p class=\"MsoNormal\"><strong><span style=\"mso-spacerun: 'yes'; font-family: Arial; mso-fareast-font-family: \u5b8b\u4f53; font-weight: bold; font-size: 10.5000pt; mso-font-kerning: 1.0000pt;\">Anhaltende Bedeutung des Arbeitstages bei der Ehren von Arbeitnehmern<\/span><\/strong><\/p>\n<p><\/p>\n<p class=\"MsoNormal\"><span style=\"mso-spacerun: 'yes'; font-family: Arial; mso-fareast-font-family: \u5b8b\u4f53; font-size: 10.5000pt; mso-font-kerning: 1.0000pt;\">Trotz seines modernen Fokus auf die Freizeit bleibt der Tag des Labors ein wesentliches Symbol f\u00fcr die Anerkennung von Arbeitnehmern. J\u00fcngste Umfragen zeigen, dass sich 51% von Mitarbeitern bei der Arbeit gesch\u00e4tzt f\u00fchlen, w\u00e4hrend der 36% -Bericht im vergangenen Jahr keine Anerkennung erhalten. Die \u00f6ffentliche Genehmigung der Gewerkschaften hat auch 67% erreicht, die h\u00f6chste seit 1965. Diese Statistiken unterstreichen die laufenden Bed\u00fcrfnisse, Arbeitnehmer zu ehren und sich f\u00fcr ihre Rechte einzusetzen.<\/span><\/p>\n<p><\/p>\n<p class=\"MsoNormal\"><span style=\"mso-spacerun: 'yes'; font-family: Arial; mso-fareast-font-family: \u5b8b\u4f53; font-size: 10.5000pt; mso-font-kerning: 1.0000pt;\">&nbsp;<\/span><\/p>\n<p><\/p>\n<p class=\"MsoNormal\"><span style=\"mso-spacerun: 'yes'; font-family: Arial; mso-fareast-font-family: \u5b8b\u4f53; font-size: 10.5000pt; mso-font-kerning: 1.0000pt;\">Kulturelle Analysen legen nahe, dass die wahre Anerkennung \u00fcber einen einzigen Urlaub hinausgeht. Es beinhaltet t\u00e4gliche Praktiken, die das Wohlbefinden der Mitarbeiter und das Work-Life-Gleichgewicht priorisieren. Wenn sich Arbeiter unterst\u00fctzt f\u00fchlen, sind sie engagierter und produktiver. Der Arbeitstag hebt daher weiterhin hervor, wie wichtig es ist, eine positive Arbeitsplatzkultur zu f\u00f6rdern.<\/span><\/p>\n<p><\/p>\n<p class=\"MsoNormal\"><strong><span style=\"mso-spacerun: 'yes'; font-family: Arial; mso-fareast-font-family: \u5b8b\u4f53; font-weight: bold; font-size: 12.0000pt; mso-font-kerning: 1.0000pt;\">&nbsp;<\/span><\/strong><\/p>\n<p><\/p>\n<p class=\"MsoNormal\"><strong><span style=\"mso-spacerun: 'yes'; font-family: Arial; mso-fareast-font-family: \u5b8b\u4f53; font-weight: bold; font-size: 12.0000pt; mso-font-kerning: 1.0000pt;\">Medienkontakt:<\/span><\/strong><\/p>\n<p><\/p>\n<p class=\"MsoNormal\"><span style=\"mso-spacerun: 'yes'; font-family: Arial; mso-fareast-font-family: \u5b8b\u4f53; font-size: 10.5000pt; mso-font-kerning: 1.0000pt;\">Joiwo Kommunikation &nbsp;<\/span><\/p>\n<p><\/p>\n<p class=\"MsoNormal\"><span style=\"mso-spacerun: 'yes'; font-family: Arial; mso-fareast-font-family: \u5b8b\u4f53; font-size: 10.5000pt; mso-font-kerning: 1.0000pt;\">E-Mail: <\/span><span style=\"mso-spacerun: 'yes'; font-family: Arial; mso-fareast-font-family: \u5b8b\u4f53; font-size: 10.5000pt; mso-font-kerning: 1.0000pt;\">sales02<\/span><span style=\"mso-spacerun: 'yes'; font-family: Arial; mso-fareast-font-family: \u5b8b\u4f53; font-size: 10.5000pt; mso-font-kerning: 1.0000pt;\">@joiwo.com &nbsp;<\/span><\/p>\n<p><\/p>\n<p class=\"MsoNormal\"><span style=\"mso-spacerun: 'yes'; font-family: Arial; mso-fareast-font-family: \u5b8b\u4f53; font-size: 10.5000pt; mso-font-kerning: 1.0000pt;\">Tel: +86-<\/span><span style=\"mso-spacerun: 'yes'; font-family: Arial; mso-fareast-font-family: \u5b8b\u4f53; font-size: 10.5000pt; mso-font-kerning: 1.0000pt;\">057458223622<\/span><\/p>","protected":false},"excerpt":{"rendered":"<p>Labor Day, der erstmals 1882 gefeiert wurde, ehrt die Beitr\u00e4ge der Arbeiter und symbolisiert den Kampf der Arbeiterbewegung um faire L\u00f6hne und bessere Bedingungen.<\/p>","protected":false},"author":1,"featured_media":1365,"comment_status":"closed","ping_status":"closed","sticky":false,"template":"","format":"standard","meta":{"footnotes":""},"categories":[83],"tags":[],"class_list":["post-1366","post","type-post","status-publish","format-standard","has-post-thumbnail","hentry","category-blog"],"_links":{"self":[{"href":"https:\/\/www.sinewo.com\/de\/wp-json\/wp\/v2\/posts\/1366","targetHints":{"allow":["GET"]}}],"collection":[{"href":"https:\/\/www.sinewo.com\/de\/wp-json\/wp\/v2\/posts"}],"about":[{"href":"https:\/\/www.sinewo.com\/de\/wp-json\/wp\/v2\/types\/post"}],"author":[{"embeddable":true,"href":"https:\/\/www.sinewo.com\/de\/wp-json\/wp\/v2\/users\/1"}],"replies":[{"embeddable":true,"href":"https:\/\/www.sinewo.com\/de\/wp-json\/wp\/v2\/comments?post=1366"}],"version-history":[{"count":0,"href":"https:\/\/www.sinewo.com\/de\/wp-json\/wp\/v2\/posts\/1366\/revisions"}],"wp:featuredmedia":[{"embeddable":true,"href":"https:\/\/www.sinewo.com\/de\/wp-json\/wp\/v2\/media\/1365"}],"wp:attachment":[{"href":"https:\/\/www.sinewo.com\/de\/wp-json\/wp\/v2\/media?parent=1366"}],"wp:term":[{"taxonomy":"category","embeddable":true,"href":"https:\/\/www.sinewo.com\/de\/wp-json\/wp\/v2\/categories?post=1366"},{"taxonomy":"post_tag","embeddable":true,"href":"https:\/\/www.sinewo.com\/de\/wp-json\/wp\/v2\/tags?post=1366"}],"curies":[{"name":"wp","href":"https:\/\/api.w.org\/{rel}","templated":true}]}}